{"id":32,"date":"2023-09-22T21:03:24","date_gmt":"2023-09-22T19:03:24","guid":{"rendered":"https:\/\/khd.hu\/?p=32"},"modified":"2023-10-09T18:21:02","modified_gmt":"2023-10-09T16:21:02","slug":"elso-bejegyzes","status":"publish","type":"post","link":"https:\/\/khd.hu\/?p=32","title":{"rendered":"Els\u0151 bejegyz\u00e9s &#8211; Bemutatkozom"},"content":{"rendered":"\n<figure class=\"wp-block-image size-large\"><img loading=\"lazy\" decoding=\"async\" width=\"1024\" height=\"681\" src=\"https:\/\/khd.hu\/wp-content\/uploads\/2023\/09\/DSC_1089K-1024x681.jpg\" alt=\"\" class=\"wp-image-35\" srcset=\"https:\/\/khd.hu\/wp-content\/uploads\/2023\/09\/DSC_1089K-1024x681.jpg 1024w, https:\/\/khd.hu\/wp-content\/uploads\/2023\/09\/DSC_1089K-300x199.jpg 300w, https:\/\/khd.hu\/wp-content\/uploads\/2023\/09\/DSC_1089K-768x510.jpg 768w, https:\/\/khd.hu\/wp-content\/uploads\/2023\/09\/DSC_1089K-850x565.jpg 850w, https:\/\/khd.hu\/wp-content\/uploads\/2023\/09\/DSC_1089K.jpg 1500w\" sizes=\"auto, (max-width: 1024px) 100vw, 1024px\" \/><\/figure>\n\n\n\n<p>1981-ben sz\u00fclettem Budapesten. Szegeddel szerelembe es\u00e9sem ut\u00e1n \u00fajra a f\u0151v\u00e1rosban \u00e9lek. Gimnazistak\u00e9nt arattam els\u0151 sikereimet az irodalomban, ennek \u00f6r\u00f6m\u00e9re j\u00f3l nem \u00edrtam semmit h\u00fasz \u00e9vig. \u00cdr\u00e1saim antol\u00f3gi\u00e1kban (Tetov\u00e1lt mement\u00f3, Mes\u00e9m, V\u00e9rmes\u00e9k stb.), foly\u00f3iratban (N\u00e9pszava) \u00e9s az \u00c1lljon meg egy novell\u00e1ra! plak\u00e1tjain jelentek meg. \u00datkeres\u0151 vagyok, civilben szoftverfejleszt\u0151, hobbifot\u00f3s \u00e9s macska.<\/p>\n","protected":false},"excerpt":{"rendered":"<p>1981-ben sz\u00fclettem Budapesten. Szegeddel szerelembe es\u00e9sem ut\u00e1n \u00fajra a f\u0151v\u00e1rosban \u00e9lek. Gimnazistak\u00e9nt arattam els\u0151 sikereimet az irodalomban, ennek \u00f6r\u00f6m\u00e9re j\u00f3l nem \u00edrtam semmit h\u00fasz \u00e9vig. \u00cdr\u00e1saim antol\u00f3gi\u00e1kban (Tetov\u00e1lt mement\u00f3, Mes\u00e9m, V\u00e9rmes\u00e9k stb.), foly\u00f3iratban (N\u00e9pszava) \u00e9s az \u00c1lljon meg egy novell\u00e1ra! plak\u00e1tjain jelentek meg. \u00datkeres\u0151 vagyok, civilben szoftverfejleszt\u0151, hobbifot\u00f3s \u00e9s macska.<\/p>\n","protected":false},"author":1,"featured_media":0,"comment_status":"open","ping_status":"open","sticky":false,"template":"","format":"standard","meta":{"_monsterinsights_skip_tracking":false,"_monsterinsights_sitenote_active":false,"_monsterinsights_sitenote_note":"","_monsterinsights_sitenote_category":0,"footnotes":""},"categories":[1],"tags":[3,4],"class_list":["post-32","post","type-post","status-publish","format-standard","hentry","category-uncategorized","tag-fotozas","tag-temeto"],"aioseo_notices":[],"_links":{"self":[{"href":"https:\/\/khd.hu\/index.php?rest_route=\/wp\/v2\/posts\/32","targetHints":{"allow":["GET"]}}],"collection":[{"href":"https:\/\/khd.hu\/index.php?rest_route=\/wp\/v2\/posts"}],"about":[{"href":"https:\/\/khd.hu\/index.php?rest_route=\/wp\/v2\/types\/post"}],"author":[{"embeddable":true,"href":"https:\/\/khd.hu\/index.php?rest_route=\/wp\/v2\/users\/1"}],"replies":[{"embeddable":true,"href":"https:\/\/khd.hu\/index.php?rest_route=%2Fwp%2Fv2%2Fcomments&post=32"}],"version-history":[{"count":3,"href":"https:\/\/khd.hu\/index.php?rest_route=\/wp\/v2\/posts\/32\/revisions"}],"predecessor-version":[{"id":131,"href":"https:\/\/khd.hu\/index.php?rest_route=\/wp\/v2\/posts\/32\/revisions\/131"}],"wp:attachment":[{"href":"https:\/\/khd.hu\/index.php?rest_route=%2Fwp%2Fv2%2Fmedia&parent=32"}],"wp:term":[{"taxonomy":"category","embeddable":true,"href":"https:\/\/khd.hu\/index.php?rest_route=%2Fwp%2Fv2%2Fcategories&post=32"},{"taxonomy":"post_tag","embeddable":true,"href":"https:\/\/khd.hu\/index.php?rest_route=%2Fwp%2Fv2%2Ftags&post=32"}],"curies":[{"name":"wp","href":"https:\/\/api.w.org\/{rel}","templated":true}]}}